{"id":2128,"date":"2021-03-09T12:40:06","date_gmt":"2021-03-09T17:40:06","guid":{"rendered":"https:\/\/panoramitalia.com\/?p=2128"},"modified":"2021-03-09T12:46:22","modified_gmt":"2021-03-09T17:46:22","slug":"visit-italian-montreal-in-a-new-exhibition-at-pointe-a-calliere","status":"publish","type":"post","link":"https:\/\/panoramitalia.com\/index.php\/2021\/03\/09\/visit-italian-montreal-in-a-new-exhibition-at-pointe-a-calliere\/","title":{"rendered":"Visit Italian Montr\u00e9al in a new exhibition at Pointe-\u00e0-Calli\u00e8re"},"content":{"rendered":"<p>Starting on March 10, Pointe-\u00e0-Calli\u00e8re is giving the public an opportunity to explore the rich heritage of Montr\u00e9al\u2019s Italian community in the new exhibition Italian Montr\u00e9al. Spanning the late 19th century to the present day, the exhibition traces the moving journey of hundreds of thousands of Italo-Montrealers, examining the influence of one of the oldest and largest immigrant cultural communities in Montr\u00e9al.<\/p><figure class=\"wp-block-image size-large\"><img loading=\"lazy\" decoding=\"async\" width=\"1024\" height=\"683\" src=\"https:\/\/panoramitalia.com\/wp-content\/uploads\/2021\/03\/20210305_MontrealItalienne_MyriamMenard-1-1024x683.jpg\" alt=\"\" class=\"wp-image-2130\" srcset=\"https:\/\/panoramitalia.com\/wp-content\/uploads\/2021\/03\/20210305_MontrealItalienne_MyriamMenard-1-1024x683.jpg 1024w, https:\/\/panoramitalia.com\/wp-content\/uploads\/2021\/03\/20210305_MontrealItalienne_MyriamMenard-1-300x200.jpg 300w, https:\/\/panoramitalia.com\/wp-content\/uploads\/2021\/03\/20210305_MontrealItalienne_MyriamMenard-1-768x512.jpg 768w, https:\/\/panoramitalia.com\/wp-content\/uploads\/2021\/03\/20210305_MontrealItalienne_MyriamMenard-1-900x600.jpg 900w, https:\/\/panoramitalia.com\/wp-content\/uploads\/2021\/03\/20210305_MontrealItalienne_MyriamMenard-1-600x400.jpg 600w, https:\/\/panoramitalia.com\/wp-content\/uploads\/2021\/03\/20210305_MontrealItalienne_MyriamMenard-1.jpg 1440w\" sizes=\"auto, (max-width: 1024px) 100vw, 1024px\" \/><\/figure><p>With the collaboration of several associations and members of the community, Pointe-\u00e0-Calli\u00e8re has produced an exhibition that puts a human face at the centre of the story, illustrating the Italian community\u2019s remarkable contribution to Montr\u00e9al life. Some 46 Italo-Montr\u00e9al lenders and families have entrusted Pointe-\u00e0-Calli\u00e8re with their stirring memories and invaluable family heirlooms\u2014over 325 objects brought over from Italy or made here in memory of a life lived elsewhere are on display.<\/p><p>\u201cWith a quarter of a million Montrealers today describing themselves as having Italian roots, Pointe-\u00e0-Calli\u00e8re wanted to acknowledge this community\u2019s remarkable involvement and important contribution to economic, social, and cultural life in Montr\u00e9al. With Italo-Montrealers\u2019 eager and active participation\u2014through the loan of items, the sharing of moving family archives and keepsakes, and a generous and dynamic contribution to the project\u2019s development\u2014Pointe-\u00e0-Calli\u00e8re is presenting a unique exhibition that reflects this community that has distinguished itself through its ingenuity, resilience, and multiple talents in all spheres of society,\u201d explains Anne \u00c9lisabeth Thibault, Executive Director of Pointe-\u00e0-Calli\u00e8re. \u201cThe exhibition traces the journey of Italo-Montrealers from the early 20th century, when they arrived in Montr\u00e9al in great masses, to the present day, when close to 280,000 residents describe themselves as Italo-Montrealers,\u201d adds Ms. Thibault.<\/p><figure class=\"wp-block-image size-large\"><img loading=\"lazy\" decoding=\"async\" width=\"1024\" height=\"683\" src=\"https:\/\/panoramitalia.com\/wp-content\/uploads\/2021\/03\/thumbnail-1024x683.jpeg\" alt=\"\" class=\"wp-image-2131\" srcset=\"https:\/\/panoramitalia.com\/wp-content\/uploads\/2021\/03\/thumbnail-1024x683.jpeg 1024w, https:\/\/panoramitalia.com\/wp-content\/uploads\/2021\/03\/thumbnail-300x200.jpeg 300w, https:\/\/panoramitalia.com\/wp-content\/uploads\/2021\/03\/thumbnail-768x512.jpeg 768w, https:\/\/panoramitalia.com\/wp-content\/uploads\/2021\/03\/thumbnail-900x600.jpeg 900w, https:\/\/panoramitalia.com\/wp-content\/uploads\/2021\/03\/thumbnail-600x400.jpeg 600w, https:\/\/panoramitalia.com\/wp-content\/uploads\/2021\/03\/thumbnail.jpeg 1440w\" sizes=\"auto, (max-width: 1024px) 100vw, 1024px\" \/><\/figure><p class=\"has-medium-font-size\"><strong>A story told in five iconic spaces<\/strong><\/p><p>In Italy, between 1861 and the First World War, economic and political problems prompted over 14 million people to leave the country. Montr\u00e9al, Canada\u2019s economic capital at the time, welcomed part of this exodus. For immigrants seeking employment, the developing city became a very attractive draw. This is the point at which Italian Montr\u00e9al begins, taking visitors through five iconic spaces that defined and still distinguish this community.<\/p><p>The exhibition begins at the train station and on a commercial street, the arrival point for many workers of Italian origin recruited by major Canadian companies to work on various projects, like the tramway, railway facilities, or in the construction sector. This section also examines the paths of certain Italian immigrants and their rise in society, the arrival of women in the work force, and the development of many Italian businesses and large iconic firms.<\/p><figure class=\"wp-block-image size-large\"><img loading=\"lazy\" decoding=\"async\" width=\"1024\" height=\"683\" src=\"https:\/\/panoramitalia.com\/wp-content\/uploads\/2021\/03\/20210305_MontrealItalienne_MyriamMenard-44-1024x683.jpg\" alt=\"\" class=\"wp-image-2132\" srcset=\"https:\/\/panoramitalia.com\/wp-content\/uploads\/2021\/03\/20210305_MontrealItalienne_MyriamMenard-44-1024x683.jpg 1024w, https:\/\/panoramitalia.com\/wp-content\/uploads\/2021\/03\/20210305_MontrealItalienne_MyriamMenard-44-300x200.jpg 300w, https:\/\/panoramitalia.com\/wp-content\/uploads\/2021\/03\/20210305_MontrealItalienne_MyriamMenard-44-768x512.jpg 768w, https:\/\/panoramitalia.com\/wp-content\/uploads\/2021\/03\/20210305_MontrealItalienne_MyriamMenard-44-900x600.jpg 900w, https:\/\/panoramitalia.com\/wp-content\/uploads\/2021\/03\/20210305_MontrealItalienne_MyriamMenard-44-600x400.jpg 600w, https:\/\/panoramitalia.com\/wp-content\/uploads\/2021\/03\/20210305_MontrealItalienne_MyriamMenard-44.jpg 1440w\" sizes=\"auto, (max-width: 1024px) 100vw, 1024px\" \/><\/figure><p>We then make our way to the caf\u00e9, a true hub for socializing, where people relax, talk politics, and follow sports. The caf\u00e9 is the ideal place to discuss cycling and soccer, two sports that Italians helped popularize in a significant way. At one time, there was just one bike shop in Montr\u00e9al\u2014Quilicot Bicycles, founded by an Italo-Montrealer. The exhibition showcases the city\u2019s most well-known Italian caf\u00e9s, while also examining the caf\u00e9 as a symbol of certain community members\u2019 involvement in social movements of the time, such as trade unionism, to improve conditions on worksites, and the advancement of the women\u2019s movement.<\/p><p>Another important location, the home. A symbol of individual success for the Italian community, it corresponds to a key stage of an immigrant\u2019s settlement in a new land. The duplex\u2014a Montr\u00e9al invention\u2014is in fact directly linked to the Italian community and its needs. The home is also where culinary traditions are perpetuated, slowly going on to influence the culinary tastes of all Quebecers beginning in the 1950s. The Italian language is preserved and maintained in the home\u2014and modified as well, with Montr\u00e9al developing its own unique Italo-Montr\u00e9al slang, a resulting blend of French, English, and Italian dialects.<\/p><p>The exhibition then takes us to church, as a meeting place and site of major events, but also to illustrate the community\u2019s know-how in the sphere of religious art, its contribution to the construction of magnificent places of worship, and the development of certain neighbourhoods. People gather at church, giving rise to the creation of various Italian associations, of which there are some 120 in Montr\u00e9al, representing the native villages and regions of community members.<\/p><p>Italo-Montrealers are today found in all spheres of society, and their influence on the host community is indisputable. The exhibition ends in the public sphere. We shine a spotlight on the careers and accomplishments of various inspiring Italo-Montreal creators and artists who have helped further the reach of both Montr\u00e9al and Qu\u00e9bec all around the world. Historical photographs, audio-visual documents, archival documents, and first-hand accounts are used to punctuate the often very moving highlights in the lives of the first generations of immigrants. Included are objects illustrating culinary traditions, of course, as well as those representing iconic businesses, important events, and members of the community who have distinguished themselves in the arts, business, sports, and the public sphere. Visitors can also share their impressions interactively and tell their own stories in their own way.<\/p><p><strong>Pointe-\u00e0-Calli\u00e8re invites all Montrealers and history enthusiasts to join us in this exploration of the rich history and heritage of Montr\u00e9al\u2019s Italian community. Benvenuti a tutti!<\/strong><\/p><div class=\"wp-block-buttons is-layout-flex wp-block-buttons-is-layout-flex\"><div class=\"wp-block-button\"><a class=\"wp-block-button__link has-vivid-cyan-blue-background-color has-background\" href=\"https:\/\/pacmusee.qc.ca\/en\/exhibitions\/detail\/italian-montreal\/\">Italian Montr\u00e9al<\/a><\/div><\/div>","protected":false},"excerpt":{"rendered":"<p>Starting on March 10, Pointe-\u00e0-Calli\u00e8re is giving the public an opportunity to explore the rich heritage of Montr\u00e9al\u2019s Italian community in the new exhibition Italian Montr\u00e9al. Spanning the late 19th&#8230;<\/p>\n","protected":false},"author":1,"featured_media":2132,"comment_status":"closed","ping_status":"closed","sticky":false,"template":"","format":"standard","meta":{"spay_email":"","footnotes":""},"categories":[1],"tags":[292,201],"class_list":{"0":"post-2128","1":"post","2":"type-post","3":"status-publish","4":"format-standard","5":"has-post-thumbnail","7":"category-uncategorized","8":"tag-italian-montreal","9":"tag-pointe-a-calliere-2"},"aioseo_notices":[],"jetpack_featured_media_url":"https:\/\/panoramitalia.com\/wp-content\/uploads\/2021\/03\/20210305_MontrealItalienne_MyriamMenard-44.jpg","_links":{"self":[{"href":"https:\/\/panoramitalia.com\/index.php\/wp-json\/wp\/v2\/posts\/2128","targetHints":{"allow":["GET"]}}],"collection":[{"href":"https:\/\/panoramitalia.com\/index.php\/wp-json\/wp\/v2\/posts"}],"about":[{"href":"https:\/\/panoramitalia.com\/index.php\/wp-json\/wp\/v2\/types\/post"}],"author":[{"embeddable":true,"href":"https:\/\/panoramitalia.com\/index.php\/wp-json\/wp\/v2\/users\/1"}],"replies":[{"embeddable":true,"href":"https:\/\/panoramitalia.com\/index.php\/wp-json\/wp\/v2\/comments?post=2128"}],"version-history":[{"count":2,"href":"https:\/\/panoramitalia.com\/index.php\/wp-json\/wp\/v2\/posts\/2128\/revisions"}],"predecessor-version":[{"id":2134,"href":"https:\/\/panoramitalia.com\/index.php\/wp-json\/wp\/v2\/posts\/2128\/revisions\/2134"}],"wp:featuredmedia":[{"embeddable":true,"href":"https:\/\/panoramitalia.com\/index.php\/wp-json\/wp\/v2\/media\/2132"}],"wp:attachment":[{"href":"https:\/\/panoramitalia.com\/index.php\/wp-json\/wp\/v2\/media?parent=2128"}],"wp:term":[{"taxonomy":"category","embeddable":true,"href":"https:\/\/panoramitalia.com\/index.php\/wp-json\/wp\/v2\/categories?post=2128"},{"taxonomy":"post_tag","embeddable":true,"href":"https:\/\/panoramitalia.com\/index.php\/wp-json\/wp\/v2\/tags?post=2128"}],"curies":[{"name":"wp","href":"https:\/\/api.w.org\/{rel}","templated":true}]}}