{"id":2902,"date":"2021-07-07T09:30:52","date_gmt":"2021-07-07T13:30:52","guid":{"rendered":"https:\/\/panoramitalia.com\/?p=2902"},"modified":"2021-07-07T09:37:15","modified_gmt":"2021-07-07T13:37:15","slug":"jorginhos-metronomic-presence-has-become-the-beating-heart-of-italy","status":"publish","type":"post","link":"https:\/\/panoramitalia.com\/index.php\/2021\/07\/07\/jorginhos-metronomic-presence-has-become-the-beating-heart-of-italy\/","title":{"rendered":"Jorginho\u2019s metronomic presence has become the beating heart of Italy"},"content":{"rendered":"<p>TheGuardian &#8211; His shootout-winning penalty was a rare moment in the spotlight for the Brazil-born midfielder who has evolved into an unsung but crucial cog in Roberto Mancini\u2019s team.<\/p><p>Italy can count themselves fortunate to have a manager who knows how to change his mind. Six years ago, back when Roberto Mancini was still in charge at Inter, he expressed a narrow view of which players ought to represent the Azzurri.<\/p><p>\u201cI think an Italian player deserves to play for the national team,\u201d he said back then. \u201cThose who were not born in Italy, even if they have relatives, do not deserve it, I think. That\u2019s my opinion.\u201d<\/p><div class=\"wp-block-buttons is-layout-flex wp-block-buttons-is-layout-flex\"><div class=\"wp-block-button\"><a class=\"wp-block-button__link\" href=\"https:\/\/www.theguardian.com\/football\/2021\/jul\/07\/jorginho-metronomic-presence-beating-heart-of-italy-euro-2020-final\">TheGuardian<\/a><\/div><\/div><hr class=\"wp-block-separator\"\/><p><strong>Erie Street rejoices as Italy wins against Spain in Euro Cup semi-finals<\/strong><\/p><p>CBC &#8211; Italy beat Spain 4 to 2 on penalties<\/p><figure class=\"wp-block-image size-large\"><img loading=\"lazy\" decoding=\"async\" width=\"1024\" height=\"575\" src=\"https:\/\/panoramitalia.com\/wp-content\/uploads\/2021\/07\/italywinwindsor_7000kbps_1280x720_1918496835522-1-1024x575.jpg\" alt=\"\" class=\"wp-image-2904\" srcset=\"https:\/\/panoramitalia.com\/wp-content\/uploads\/2021\/07\/italywinwindsor_7000kbps_1280x720_1918496835522-1-1024x575.jpg 1024w, https:\/\/panoramitalia.com\/wp-content\/uploads\/2021\/07\/italywinwindsor_7000kbps_1280x720_1918496835522-1-300x169.jpg 300w, https:\/\/panoramitalia.com\/wp-content\/uploads\/2021\/07\/italywinwindsor_7000kbps_1280x720_1918496835522-1-768x432.jpg 768w, https:\/\/panoramitalia.com\/wp-content\/uploads\/2021\/07\/italywinwindsor_7000kbps_1280x720_1918496835522-1-600x337.jpg 600w, https:\/\/panoramitalia.com\/wp-content\/uploads\/2021\/07\/italywinwindsor_7000kbps_1280x720_1918496835522-1-107x60.jpg 107w, https:\/\/panoramitalia.com\/wp-content\/uploads\/2021\/07\/italywinwindsor_7000kbps_1280x720_1918496835522-1-160x90.jpg 160w, https:\/\/panoramitalia.com\/wp-content\/uploads\/2021\/07\/italywinwindsor_7000kbps_1280x720_1918496835522-1.jpg 1130w\" sizes=\"auto, (max-width: 1024px) 100vw, 1024px\" \/><\/figure><p>Italy fans rejoiced on the sidewalks of Erie Street as Italy beat Spain,\u00a04 to 2, in the UEFA\u00a0European Football Championships. &#8220;We fought so hard through the whole game and we showed that we are going to stay in this tournament baby,&#8221; Seve Oglan said following the victory. After Spain tied the game in the second half, Italy won the game in dramatic form after a scoreless overtime led to a shootout.\u00a0&#8220;I was so stressed out, I knew Jorginho\u00a0was going to score it, I knew everything was going to go well,&#8221; Paolo Davia said when asked to describe the winning moment.<\/p><div class=\"wp-block-buttons is-layout-flex wp-block-buttons-is-layout-flex\"><div class=\"wp-block-button\"><a class=\"wp-block-button__link\" href=\"https:\/\/www.cbc.ca\/news\/canada\/windsor\/windsor-erie-street-eurocup-italy-spain-1.6092194\">CBC<\/a><\/div><\/div><hr class=\"wp-block-separator\"\/><p><strong>Italia-Spagna, Mancini: &#8220;Questa vittoria \u00e8 per gli italiani, ma non \u00e8 finita&#8221;<\/strong><\/p><p>SkySport &#8211; Il ct azzurro dopo la conquista della finale di Euro 2020: &#8220;I meriti sono dei ragazzi, ma non \u00e8 ancora finita. Gli spagnoli sono maestri nel possesso palla, ci hanno messo in difficolt\u00e0, poi abbiamo preso le coordinate giuste. Quando si gioca un torneo cos\u00ec intenso c&#8217;\u00e8 anche la partita che devi soffrire per vincere,\u00a0non pu\u00f2 mica andare tutto liscio e infatti questa \u00e8 stata durissima&#8221;.<\/p><div class=\"wp-block-buttons is-layout-flex wp-block-buttons-is-layout-flex\"><div class=\"wp-block-button\"><a class=\"wp-block-button__link\" href=\"https:\/\/sport.sky.it\/calcio\/europei\/2021\/07\/06\/mancini-italia-spagna-intervista\">SkySport<\/a><\/div><\/div><hr class=\"wp-block-separator\"\/><p><strong>Mancini va gi\u00e0 oltre: &#8220;Grandi ragazzi ma non \u00e8 finita. Ora giochiamoci la finale&#8221;<\/strong><\/p><p><a href=\"https:\/\/www.gazzetta.it\/Calcio\/Europei\/07-07-2021\/europei-italia-spagna-mancini-grandi-ma-non-ancora-finita-4102555633332.shtml\">Gazzetta dello Sport <\/a>&#8211; &#8220;Abbiamo sofferto il palleggio della Spagna, ma lo sapevamo. L&#8217;Italia ha creduto a tutto questo, adesso recuperiamo le energie e completiamo il lavoro&#8221;<\/p><figure class=\"wp-block-image size-large\"><a href=\"https:\/\/www.gazzetta.it\/Calcio\/Europei\/07-07-2021\/europei-italia-spagna-mancini-grandi-ma-non-ancora-finita-4102555633332.shtml\"><img loading=\"lazy\" decoding=\"async\" width=\"620\" height=\"386\" src=\"https:\/\/panoramitalia.com\/wp-content\/uploads\/2021\/07\/AFP_9DT3JW-0193-krFB-U4102555633332ufF-528x329@Gazzetta-Web_528x329.jpg\" alt=\"\" class=\"wp-image-2905\" srcset=\"https:\/\/panoramitalia.com\/wp-content\/uploads\/2021\/07\/AFP_9DT3JW-0193-krFB-U4102555633332ufF-528x329@Gazzetta-Web_528x329.jpg 620w, https:\/\/panoramitalia.com\/wp-content\/uploads\/2021\/07\/AFP_9DT3JW-0193-krFB-U4102555633332ufF-528x329@Gazzetta-Web_528x329-300x187.jpg 300w, https:\/\/panoramitalia.com\/wp-content\/uploads\/2021\/07\/AFP_9DT3JW-0193-krFB-U4102555633332ufF-528x329@Gazzetta-Web_528x329-600x374.jpg 600w, https:\/\/panoramitalia.com\/wp-content\/uploads\/2021\/07\/AFP_9DT3JW-0193-krFB-U4102555633332ufF-528x329@Gazzetta-Web_528x329-96x60.jpg 96w, https:\/\/panoramitalia.com\/wp-content\/uploads\/2021\/07\/AFP_9DT3JW-0193-krFB-U4102555633332ufF-528x329@Gazzetta-Web_528x329-145x90.jpg 145w\" sizes=\"auto, (max-width: 620px) 100vw, 620px\" \/><\/a><\/figure><p>L&#8217;unica volta che gli azzurri hanno conquistato il titolo continentale, Roberto Mancini era un bambino: anno 1968, l&#8217;Italia di Valcareggi campione d&#8217;Europa. L&#8217;impresa sarebbe storica anche se gi\u00e0 essere in finale, domenica a Wembley, \u00e8 un traguardo che rimette il calcio italiano al centro della scena. Ma il c.t. non \u00e8 tipo da accontentarsi: &#8220;Se siamo arrivati a questo punto i meriti non sono miei ma dei ragazzi che hanno creduto a tutto questo. Per\u00f2 non \u00e8 ancora finita, c&#8217;\u00e8 un lavoro da finire. Dobbiamo recuperare le forze che sono rimaste e giocarci la finale&#8221;.<\/p><div class=\"wp-block-buttons is-layout-flex wp-block-buttons-is-layout-flex\"><div class=\"wp-block-button\"><a class=\"wp-block-button__link\" href=\"https:\/\/www.gazzetta.it\/Calcio\/Europei\/07-07-2021\/europei-italia-spagna-mancini-grandi-ma-non-ancora-finita-4102555633332.shtml\">Gazzetta dello Sport<\/a><\/div><\/div><hr class=\"wp-block-separator\"\/><p><strong>Bonucci scambiato per un invasore: incredibile dopo Italia-Spagna<\/strong><\/p><p><a href=\"https:\/\/www.corrieredellosport.it\/news\/calcio\/euro-2020\/italia\/2021\/07\/07-83347973\/bonucci_scambiato_per_un_invasore_incredibile_dopo_italia-spagna\">Corriere dello Sport<\/a> &#8211; Il difensore della nazionale azzurra \u00e8 stato fermato da uno steward mentre festeggiava.<\/p><figure class=\"wp-block-image size-large\"><a href=\"https:\/\/www.corrieredellosport.it\/news\/calcio\/euro-2020\/italia\/2021\/07\/07-83347973\/bonucci_scambiato_per_un_invasore_incredibile_dopo_italia-spagna\"><img loading=\"lazy\" decoding=\"async\" width=\"990\" height=\"495\" src=\"https:\/\/panoramitalia.com\/wp-content\/uploads\/2021\/07\/002337384-ad6e40ed-b545-410c-953f-4fa6bee1bc34.jpg\" alt=\"\" class=\"wp-image-2906\" srcset=\"https:\/\/panoramitalia.com\/wp-content\/uploads\/2021\/07\/002337384-ad6e40ed-b545-410c-953f-4fa6bee1bc34.jpg 990w, https:\/\/panoramitalia.com\/wp-content\/uploads\/2021\/07\/002337384-ad6e40ed-b545-410c-953f-4fa6bee1bc34-300x150.jpg 300w, https:\/\/panoramitalia.com\/wp-content\/uploads\/2021\/07\/002337384-ad6e40ed-b545-410c-953f-4fa6bee1bc34-768x384.jpg 768w, https:\/\/panoramitalia.com\/wp-content\/uploads\/2021\/07\/002337384-ad6e40ed-b545-410c-953f-4fa6bee1bc34-670x335.jpg 670w, https:\/\/panoramitalia.com\/wp-content\/uploads\/2021\/07\/002337384-ad6e40ed-b545-410c-953f-4fa6bee1bc34-600x300.jpg 600w, https:\/\/panoramitalia.com\/wp-content\/uploads\/2021\/07\/002337384-ad6e40ed-b545-410c-953f-4fa6bee1bc34-120x60.jpg 120w, https:\/\/panoramitalia.com\/wp-content\/uploads\/2021\/07\/002337384-ad6e40ed-b545-410c-953f-4fa6bee1bc34-180x90.jpg 180w\" sizes=\"auto, (max-width: 990px) 100vw, 990px\" \/><\/a><\/figure><p>Incredibile episodio a conclusione della semifinale di Euro 2020, vinta dall&#8217;Italia sulla Spagna ai calci di rigore: Leonardo Bonucci \u00e8 stato fermato da uno steward perch\u00e9 scambiato per un invasore di campo. Il veterano della difesa azzurra stava festeggiando il successo sotto la tribuna di Wembley, a ridosso dei tifosi italiani, poi, quando si \u00e8 girato per tornare verso il centro del terreno di gioco, \u00e8 stato bloccato da un addetto alla sicurezza. Il malinteso, per fortuna, \u00e8 durato lo spazio di pochi secondi.<\/p><div class=\"wp-block-buttons is-layout-flex wp-block-buttons-is-layout-flex\"><div class=\"wp-block-button\"><a class=\"wp-block-button__link\" href=\"https:\/\/www.corrieredellosport.it\/news\/calcio\/euro-2020\/italia\/2021\/07\/07-83347973\/bonucci_scambiato_per_un_invasore_incredibile_dopo_italia-spagna\">Corriere dello Sport<\/a><\/div><\/div><hr class=\"wp-block-separator\"\/><p><strong>Italia-Spagna, gli azzurri vincono ai rigori 5-3 e vanno in finale <\/strong><\/p><p><a href=\"https:\/\/www.ilsole24ore.com\/art\/italia-spagna-diretta-emerson-palmieri-compito-sostituire-spinazzola-AEVAEEV\">Sole24ore<\/a> &#8211; Termina 5-3 dopo i calci di rigori la prima semifinale dell\u2019Europeo. Decisivo il tiro di Jorginho. Nei tempi regolamentari i gol di Chiesa (60\u2019) e Morata (80\u2019).<\/p><figure class=\"wp-block-image size-large is-resized\"><img loading=\"lazy\" decoding=\"async\" src=\"https:\/\/panoramitalia.com\/wp-content\/uploads\/2021\/07\/20210706_235209_6DD12769.jpg\" alt=\"\" class=\"wp-image-2909\" width=\"847\" height=\"601\" srcset=\"https:\/\/panoramitalia.com\/wp-content\/uploads\/2021\/07\/20210706_235209_6DD12769.jpg 512w, https:\/\/panoramitalia.com\/wp-content\/uploads\/2021\/07\/20210706_235209_6DD12769-300x213.jpg 300w, https:\/\/panoramitalia.com\/wp-content\/uploads\/2021\/07\/20210706_235209_6DD12769-85x60.jpg 85w, https:\/\/panoramitalia.com\/wp-content\/uploads\/2021\/07\/20210706_235209_6DD12769-127x90.jpg 127w\" sizes=\"auto, (max-width: 847px) 100vw, 847px\" \/><figcaption>Foto IPP\/ IMAGOSPORT \nRoma 16\/06\/2021 \nEuro 2020 Group stage &#8211; Group A\nItalia vs Svizzera\nNella foto  ciro immobile e jorginho \nwarning avaialble only for italian market<\/figcaption><\/figure><p>Non prendete impegni per domenica sera, signore e signori: gli azzurri tornano a Wembley, stavolta per giocarsi un titolo che manca dal 1968. Termina 5-3, dopo i calci di rigore, Italia-Spagna, prima semifinale di Euro 2020, il primo match in cui i ragazzi di Mancini hanno dovuto, per circostanze avverse, rinunciare al gioco palla a terra, in nome della storica vocazione alla sofferenza che ha fatto grande la nostra tradizione calcistica. Una partita-epopea di quelle che ci rimarranno stampate nella memoria per chiss\u00e0 quanto tempo.<\/p><div class=\"wp-block-buttons is-layout-flex wp-block-buttons-is-layout-flex\"><div class=\"wp-block-button\"><a class=\"wp-block-button__link\" href=\"https:\/\/www.ilsole24ore.com\/art\/italia-spagna-diretta-emerson-palmieri-compito-sostituire-spinazzola-AEVAEEV\">Sole24ore<\/a><\/div><\/div><hr class=\"wp-block-separator\"\/>","protected":false},"excerpt":{"rendered":"<p>TheGuardian &#8211; His shootout-winning penalty was a rare moment in the spotlight for the Brazil-born midfielder who has evolved into an unsung but crucial cog in Roberto Mancini\u2019s team. Italy&#8230;<\/p>\n","protected":false},"author":1,"featured_media":2905,"comment_status":"closed","ping_status":"closed","sticky":false,"template":"","format":"standard","meta":{"spay_email":"","footnotes":""},"categories":[1],"tags":[493,489,494],"class_list":{"0":"post-2902","1":"post","2":"type-post","3":"status-publish","4":"format-standard","5":"has-post-thumbnail","7":"category-uncategorized","8":"tag-bonucci","9":"tag-euro2020","10":"tag-italia-spagna"},"aioseo_notices":[],"jetpack_featured_media_url":"https:\/\/panoramitalia.com\/wp-content\/uploads\/2021\/07\/AFP_9DT3JW-0193-krFB-U4102555633332ufF-528x329@Gazzetta-Web_528x329.jpg","_links":{"self":[{"href":"https:\/\/panoramitalia.com\/index.php\/wp-json\/wp\/v2\/posts\/2902","targetHints":{"allow":["GET"]}}],"collection":[{"href":"https:\/\/panoramitalia.com\/index.php\/wp-json\/wp\/v2\/posts"}],"about":[{"href":"https:\/\/panoramitalia.com\/index.php\/wp-json\/wp\/v2\/types\/post"}],"author":[{"embeddable":true,"href":"https:\/\/panoramitalia.com\/index.php\/wp-json\/wp\/v2\/users\/1"}],"replies":[{"embeddable":true,"href":"https:\/\/panoramitalia.com\/index.php\/wp-json\/wp\/v2\/comments?post=2902"}],"version-history":[{"count":2,"href":"https:\/\/panoramitalia.com\/index.php\/wp-json\/wp\/v2\/posts\/2902\/revisions"}],"predecessor-version":[{"id":2910,"href":"https:\/\/panoramitalia.com\/index.php\/wp-json\/wp\/v2\/posts\/2902\/revisions\/2910"}],"wp:featuredmedia":[{"embeddable":true,"href":"https:\/\/panoramitalia.com\/index.php\/wp-json\/wp\/v2\/media\/2905"}],"wp:attachment":[{"href":"https:\/\/panoramitalia.com\/index.php\/wp-json\/wp\/v2\/media?parent=2902"}],"wp:term":[{"taxonomy":"category","embeddable":true,"href":"https:\/\/panoramitalia.com\/index.php\/wp-json\/wp\/v2\/categories?post=2902"},{"taxonomy":"post_tag","embeddable":true,"href":"https:\/\/panoramitalia.com\/index.php\/wp-json\/wp\/v2\/tags?post=2902"}],"curies":[{"name":"wp","href":"https:\/\/api.w.org\/{rel}","templated":true}]}}