{"id":3826,"date":"2021-12-28T13:12:22","date_gmt":"2021-12-28T18:12:22","guid":{"rendered":"https:\/\/panoramitalia.com\/?p=3826"},"modified":"2021-12-28T13:34:09","modified_gmt":"2021-12-28T18:34:09","slug":"insediato-il-nuovo-com-it-es-di-montreal","status":"publish","type":"post","link":"https:\/\/panoramitalia.com\/index.php\/2021\/12\/28\/insediato-il-nuovo-com-it-es-di-montreal\/","title":{"rendered":"Insediato il nuovo Com.It.Es di Montr\u00e9al"},"content":{"rendered":"<p><strong>Vittorio Giordano eletto presidente<\/strong><\/p><p>MONTR\u00c9AL \u2013 Si \u00e8 tenuta gioved\u00ec 16 dicembre, presso l\u2019Istituto Italiano di Cultura di Montr\u00e9al, la prima riunione del neo eletto Com.It.Es di Montr\u00e9al, cui hanno preso parte anche il Console d\u2019Italia a Montr\u00e9al, Lorenzo Solinas, e la Cancelliera Amministrativa dello stesso Consolato, Gabriella Petrone.<\/p><figure class=\"wp-block-image size-large\"><img loading=\"lazy\" decoding=\"async\" width=\"1024\" height=\"768\" src=\"https:\/\/panoramitalia.com\/wp-content\/uploads\/2021\/12\/FOTO1-1024x768.jpg\" alt=\"\" class=\"wp-image-3827\" srcset=\"https:\/\/panoramitalia.com\/wp-content\/uploads\/2021\/12\/FOTO1-1024x768.jpg 1024w, https:\/\/panoramitalia.com\/wp-content\/uploads\/2021\/12\/FOTO1-300x225.jpg 300w, https:\/\/panoramitalia.com\/wp-content\/uploads\/2021\/12\/FOTO1-768x576.jpg 768w, https:\/\/panoramitalia.com\/wp-content\/uploads\/2021\/12\/FOTO1-600x450.jpg 600w, https:\/\/panoramitalia.com\/wp-content\/uploads\/2021\/12\/FOTO1-80x60.jpg 80w, https:\/\/panoramitalia.com\/wp-content\/uploads\/2021\/12\/FOTO1-120x90.jpg 120w, https:\/\/panoramitalia.com\/wp-content\/uploads\/2021\/12\/FOTO1.jpg 1440w\" sizes=\"auto, (max-width: 1024px) 100vw, 1024px\" \/><figcaption>Il nuovo Comites di Montr\u00e9al. Nella foto manca Daniela Fiorentino, che ha partecipato alla riunione via zoom dall\u2019Italia.<\/figcaption><\/figure><p>Come gi\u00e0 annunciato, la lista INSIEME PER GLI ITALIANI (591 voti) si \u00e8 aggiudicata le elezioni per il rinnovo del Comites di Montr\u00e9al, conquistando la maggioranza relativa dei seggi con 7 eletti su 12: Vera Rosati, Vittorio Giordano, Daniela Fiorentino, Marino De Ciccio, Anna Maria Buondonno e Margherita Maria Morsella. Gli altri 5 posti sono andati alla lista UNITALIA (494 voti): Renzo Orsi, Paola Miserendino, Luisa Rabach, Santino Quercia e Maria Ciccone. Nella circoscrizione consolare di Montr\u00e9al, gli iscritti nei registri elettorali sono stati 1.718 su 37.247 iscritti all\u2019Aire, ovvero il 4,61% degli eventi diritto. Alla fine, hanno effettivamente votato in 1.270, ovvero il 3,4% degli elettori potenziali. Al netto delle buste annullate (111), delle schede bianche (2) e delle schede nulle (72), i voti validi sono stati 1.085.<\/p><figure class=\"wp-block-image size-large\"><img loading=\"lazy\" decoding=\"async\" width=\"1024\" height=\"804\" src=\"https:\/\/panoramitalia.com\/wp-content\/uploads\/2021\/12\/FOTO2-1024x804.jpg\" alt=\"\" class=\"wp-image-3828\" srcset=\"https:\/\/panoramitalia.com\/wp-content\/uploads\/2021\/12\/FOTO2-1024x804.jpg 1024w, https:\/\/panoramitalia.com\/wp-content\/uploads\/2021\/12\/FOTO2-300x236.jpg 300w, https:\/\/panoramitalia.com\/wp-content\/uploads\/2021\/12\/FOTO2-768x603.jpg 768w, https:\/\/panoramitalia.com\/wp-content\/uploads\/2021\/12\/FOTO2-600x471.jpg 600w, https:\/\/panoramitalia.com\/wp-content\/uploads\/2021\/12\/FOTO2-76x60.jpg 76w, https:\/\/panoramitalia.com\/wp-content\/uploads\/2021\/12\/FOTO2-115x90.jpg 115w, https:\/\/panoramitalia.com\/wp-content\/uploads\/2021\/12\/FOTO2.jpg 1170w\" sizes=\"auto, (max-width: 1024px) 100vw, 1024px\" \/><figcaption><strong>Il post su Facebook del Consolato Generale d\u2019Italia a Montr\u00e9al che certifica l\u2019esito della prima riunione del Comites appena insediato.<\/strong><\/figcaption><\/figure><p>La seduta d\u2019apertura, come prevede la legge, \u00e8 stata presieduta dal pi\u00f9 votato dei candidati, il prof. Renzo Orsi, il quale, dopo aver espresso le proprie congratulazioni ai neo eletti consiglieri, ha proceduto con gli adempimenti previsti dalla normativa per la prima riunione. I consiglieri hanno quindi proceduto con l\u2019elezione del Presidente, esprimendosi a maggioranza a favore di Vittorio Giordano. Come vicepresidente \u00e8 stata scelta Vera Rosati. A completare il comitato esecutivo sono Anna Colarusso (che \u00e8 stata altres\u00ec eletta Segretaria del Com.It.Es.) e Margherita Morsella, nelle veci di tesoriera.<\/p><p>La presidente uscente, Giovanna Giordano, si \u00e8 subito congratulata con il neo presidente, Vittorio Giordano, ripromettendosi di procedere, gi\u00e0 nei prossimi giorni, al passaggio di consegne come previsto dalla Legge.<\/p>","protected":false},"excerpt":{"rendered":"<p>Vittorio Giordano eletto presidente MONTR\u00c9AL \u2013 Si \u00e8 tenuta gioved\u00ec 16 dicembre, presso l\u2019Istituto Italiano di Cultura di Montr\u00e9al, la prima riunione del neo eletto Com.It.Es di Montr\u00e9al, cui hanno&#8230;<\/p>\n","protected":false},"author":1,"featured_media":3827,"comment_status":"closed","ping_status":"closed","sticky":false,"template":"","format":"standard","meta":{"spay_email":"","footnotes":""},"categories":[1],"tags":[629,444,692],"class_list":{"0":"post-3826","1":"post","2":"type-post","3":"status-publish","4":"format-standard","5":"has-post-thumbnail","7":"category-uncategorized","8":"tag-comites","9":"tag-consolato-generale","10":"tag-vittorio-giordano"},"aioseo_notices":[],"jetpack_featured_media_url":"https:\/\/panoramitalia.com\/wp-content\/uploads\/2021\/12\/FOTO1.jpg","_links":{"self":[{"href":"https:\/\/panoramitalia.com\/index.php\/wp-json\/wp\/v2\/posts\/3826","targetHints":{"allow":["GET"]}}],"collection":[{"href":"https:\/\/panoramitalia.com\/index.php\/wp-json\/wp\/v2\/posts"}],"about":[{"href":"https:\/\/panoramitalia.com\/index.php\/wp-json\/wp\/v2\/types\/post"}],"author":[{"embeddable":true,"href":"https:\/\/panoramitalia.com\/index.php\/wp-json\/wp\/v2\/users\/1"}],"replies":[{"embeddable":true,"href":"https:\/\/panoramitalia.com\/index.php\/wp-json\/wp\/v2\/comments?post=3826"}],"version-history":[{"count":3,"href":"https:\/\/panoramitalia.com\/index.php\/wp-json\/wp\/v2\/posts\/3826\/revisions"}],"predecessor-version":[{"id":3832,"href":"https:\/\/panoramitalia.com\/index.php\/wp-json\/wp\/v2\/posts\/3826\/revisions\/3832"}],"wp:featuredmedia":[{"embeddable":true,"href":"https:\/\/panoramitalia.com\/index.php\/wp-json\/wp\/v2\/media\/3827"}],"wp:attachment":[{"href":"https:\/\/panoramitalia.com\/index.php\/wp-json\/wp\/v2\/media?parent=3826"}],"wp:term":[{"taxonomy":"category","embeddable":true,"href":"https:\/\/panoramitalia.com\/index.php\/wp-json\/wp\/v2\/categories?post=3826"},{"taxonomy":"post_tag","embeddable":true,"href":"https:\/\/panoramitalia.com\/index.php\/wp-json\/wp\/v2\/tags?post=3826"}],"curies":[{"name":"wp","href":"https:\/\/api.w.org\/{rel}","templated":true}]}}