{"id":3924,"date":"2022-01-11T11:19:49","date_gmt":"2022-01-11T16:19:49","guid":{"rendered":"https:\/\/panoramitalia.com\/?p=3924"},"modified":"2022-01-11T11:29:05","modified_gmt":"2022-01-11T16:29:05","slug":"david-sassoli-european-union-parliament-president-dies-at-age-65","status":"publish","type":"post","link":"https:\/\/panoramitalia.com\/index.php\/2022\/01\/11\/david-sassoli-european-union-parliament-president-dies-at-age-65\/","title":{"rendered":"David Sassoli, European Union parliament president, dies at age 65"},"content":{"rendered":"<p><a href=\"https:\/\/globalnews.ca\/news\/8502552\/david-sassoli-eu-parliament-president-dies\/\">Global News<\/a> &#8211; David Sassoli, the Italian journalist who worked his way up in politics while defending the downtrodden and repressed to become president of the European Union\u2019s parliament, died at a hospital in Italy early Tuesday, his spokesperson said. EU Council President Charles Michel called Sassoli a \u201csincere and passionate European. We already miss his human warmth, his generosity, his friendliness and his smile.\u201d No details were provided in a tweet by spokesperson Roberto Cuillo. Sassoli, a 65-year-old socialist, had been hospitalized since Dec. 26 due to abnormal functioning of his immune system, Cuillo said in a statement released the day before Sassoli\u2019s death.<\/p><figure class=\"wp-block-embed is-type-rich is-provider-twitter wp-block-embed-twitter\"><div class=\"wp-block-embed__wrapper\">\n<span class=\"xvD6JVdrKOpEYSAag0LWylj81FcIhZnqRPwfBkM5HeTmbu\"><blockquote class=\"twitter-tweet\" data-width=\"550\" data-dnt=\"true\"><p lang=\"en\" dir=\"ltr\">The <a href=\"https:\/\/twitter.com\/EP_President?ref_src=twsrc%5Etfw\">@EP_President<\/a> David Sassoli passed away at 1.15 am on 11 January at the CRO in Aviano( PN), Italy, where he was hospitalized. The date and place of the funeral will be communicated in the next few hours.<\/p>&mdash; RobertoCuillo (@robertocuillo) <a href=\"https:\/\/twitter.com\/robertocuillo\/status\/1480724154567598082?ref_src=twsrc%5Etfw\">January 11, 2022<\/a><\/blockquote><script async src=\"https:\/\/platform.twitter.com\/widgets.js\" charset=\"utf-8\"><\/script><\/span>\n<\/div><\/figure><div class=\"wp-block-buttons is-layout-flex wp-block-buttons-is-layout-flex\"><div class=\"wp-block-button\"><a class=\"wp-block-button__link\" href=\"https:\/\/globalnews.ca\/news\/8502552\/david-sassoli-eu-parliament-president-dies\/\">Read more here<\/a><\/div><\/div><hr class=\"wp-block-separator\"\/><p><strong><a href=\"https:\/\/www.agi.it\/politica\/news\/2022-01-11\/morto-david-sassoli-presidente-parlamento-europeo-15189530\/\">Il funerale di David Sassoli sar\u00e0 venerd\u00ec a Roma<\/a><\/strong><\/p><p><a href=\"https:\/\/www.agi.it\/politica\/news\/2022-01-11\/morto-david-sassoli-presidente-parlamento-europeo-15189530\/\">AGI<\/a> &#8211; Gioved\u00ec camera ardente in campidoglio. Il presidente del Parlamento europeo \u00e8 stato stroncato a 65 anni da una grave patologia che aveva compromesso il sistema immunitario.<\/p><figure class=\"wp-block-image size-large\"><img decoding=\"async\" src=\"https:\/\/images.agi.it\/pictures\/agi\/agi\/2022\/01\/11\/151432512-40bc3178-a07f-407a-a4f7-2bf97b74375a.jpg\" alt=\"\"\/><\/figure><p>La camera ardente per l&#8217;ultimo saluto al presidente del Parlamento europeo, David Sassoli, si terr\u00e0&nbsp;<strong>gioved\u00ec&nbsp;13 gennaio in Campidoglio&nbsp;<\/strong>sala Protomoteca dalle ore 10 alle 18. I funerali&nbsp;si terranno&nbsp;venerd\u00ec&nbsp;14 alle 12 nella chiesa Santa Maria degli Angeli, piazza della Repubblica a Roma.<\/p><p>Ai funerali potrebbe partecipare anche il presidente della Repubblica Sergio Mattarella.&nbsp;&nbsp;Luned\u00ec&nbsp;alle 18 alla plenaria di Strasburgo l&#8217;ex presidente del Consiglio ed ex parlamentare europeo, Enrico Letta, pronuncer\u00e0&nbsp;il discorso ufficiale nella cerimonia di commemorazione alla quale partecipert\u00e0 anche Mario Draghi.<\/p><p>La notizia della morte di Sassoli \u00e8 arrivata nella notte con un tweet del portavoce, Roberto Cuillo. Sassoli \u00e8 deceduto alle 1.15 ad Aviano dove era\u00a0<strong>ricoverato\u00a0al Centro di riferimento oncologico<\/strong>, oggi dopo un r<a href=\"https:\/\/www.agi.it\/estero\/news\/2022-01-10\/davi-sassoli-ricoverato-gravi-condizioni-15181955\/\">icovero per una grave complicanza legata a una disfunzione del sistema immunitario\u00a0<\/a>di cui il Paese era venuto a conoscenza solo poche ore prima. &#8220;Data e luogo dei funerali saranno comunicati nelle prossime ore&#8221;, scrive Cuillo.\u00a0<\/p><div class=\"wp-block-buttons is-layout-flex wp-block-buttons-is-layout-flex\"><div class=\"wp-block-button\"><a class=\"wp-block-button__link\" href=\"https:\/\/www.agi.it\/politica\/news\/2022-01-11\/morto-david-sassoli-presidente-parlamento-europeo-15189530\/\">Read more here<\/a><\/div><\/div><hr class=\"wp-block-separator\"\/><p><strong><a href=\"https:\/\/www.cnn.com\/2022\/01\/10\/europe\/david-sassoli-death-eu-parliament-intl-hnk\/index.html\">European Parliament President David Sassoli dies age 65<\/a><\/strong><\/p><p>CNN &#8211; <a href=\"http:\/\/www.cnn.com\/2021\/12\/06\/business\/the-eu-finally-has-a-china-plan-intl-cmd\/index.html\" target=\"_blank\" rel=\"noreferrer noopener\">European Parliament<\/a>\u00a0President David Sassoli has died in Italy, according to a Tweet from his spokesman early Tuesday local time.&#8221;The @EP_President David Sassoli passed away at 1.15 a.m. on 11 January at the CRO in Aviano (PN), Italy, where he was hospitalized. The date and place of the funeral will be communicated in the next few hours,&#8221; spokesman Roberto Cuillo said.\u00a0On Monday, Cuillo said Sassoli had been in hospital in Italy since December 26, because of a serious complication due to a dysfunction of his immune system.Sassoli, an Italian center-left politician, was also treated in a French hospital for pneumonia in September, Reuters reported, citing his office.Sassoli, 65, has been president of the 705-seat parliament since 2019.<strong>\u00a0<\/strong>It is a largely ceremonial role and<strong>\u00a0<\/strong>his term was due to end this month and he was not expected to seek a second one, according to Reuters.<\/p><div class=\"wp-block-buttons is-layout-flex wp-block-buttons-is-layout-flex\"><div class=\"wp-block-button\"><a class=\"wp-block-button__link\" href=\"https:\/\/www.cnn.com\/2022\/01\/10\/europe\/david-sassoli-death-eu-parliament-intl-hnk\/index.html\">Read more here<\/a><\/div><\/div><hr class=\"wp-block-separator\"\/><p><strong><a href=\"https:\/\/www.ctvnews.ca\/world\/european-parliament-president-david-sassoli-dies-age-65-1.5735105\">European Parliament President David Sassoli dies age 65<\/a><\/strong><\/p><p><a href=\"https:\/\/www.ctvnews.ca\/world\/european-parliament-president-david-sassoli-dies-age-65-1.5735105\">CTVNews<\/a> &#8211; Sassoli had been struggling for months with poor health after he suffered pneumonia caused by the legionella bacteria in September. His health steadily declined afterward and he was forced to miss several important legislative meetings. Yet, as much as possible, he stayed on the job, where his vigor and easy smile had always been a trademark. He was at his strongest when he took up the cause of migrants who died crossing the Mediterranean or dissidents such as Russian opposition leader Alexei Navalny, who is taking on the Kremlin from a jail cell.<\/p><figure class=\"wp-block-image size-large\"><img decoding=\"async\" src=\"https:\/\/www.ctvnews.ca\/polopoly_fs\/1.5735106.1641887509!\/httpImage\/image.jpg_gen\/derivatives\/landscape_1020\/image.jpg\" alt=\"\"\/><\/figure><p>&#8220;Everyone loved his smile and his kindness, yet he knew how to fight for what he believed in,&#8221; European Commission President Ursula von der Leyen, reminiscing how Sassoli had traveled to Germany to see the infamous Berlin Wall come down well over three decades ago.<\/p><div class=\"wp-block-buttons is-layout-flex wp-block-buttons-is-layout-flex\"><div class=\"wp-block-button\"><a class=\"wp-block-button__link\" href=\"https:\/\/www.ctvnews.ca\/world\/european-parliament-president-david-sassoli-dies-age-65-1.5735105\">Read more here<\/a><\/div><\/div><hr class=\"wp-block-separator\"\/><p><strong><a href=\"https:\/\/www.ilsole24ore.com\/art\/morto-65-anni-david-sassoli-vita-giornalismo-e-politica-AEAK5K7?refresh_ce=1\">David Sassoli, President of the European Parliament, Dies at 65<\/a><\/strong><\/p><p><strong><a href=\"https:\/\/www.nytimes.com\/2022\/01\/10\/world\/europe\/david-sassoli-dead.html\">TheNewYorkTimes &#8211; <\/a><\/strong>He was a well-known journalist in his native Italy before going into politics, and devoted his tenure to making the Parliament more prominent.<\/p><figure class=\"wp-block-image size-large\"><img decoding=\"async\" src=\"https:\/\/static01.nyt.com\/images\/2022\/01\/11\/world\/11xp-sassoli-01\/11xp-sassoli-01-superJumbo.jpg?quality=75&amp;auto=webp\" alt=\"\"\/><\/figure><p>BRUSSELS \u2014 David Sassoli, an Italian journalist-turned-politician who was president of the European Parliament and dedicated his later years to raising the institution\u2019s profile and seeking to increase its powers during the rocky years of Brexit and the pandemic, died early Tuesday in Italy, his spokesman said. He was 65.<\/p><p>Mr. Sassoli\u2019s office said\u00a0<a href=\"https:\/\/twitter.com\/EPWashingtonDC\/status\/1480738840084193289\" rel=\"noreferrer noopener\" target=\"_blank\">on Twitter<\/a>\u00a0that he had died in the Italian town of Aviano. <\/p><p>No specific cause of death was immediately available. He had been in poor health for months, hospitalized with severe pneumonia during a plenary session of the Parliament in Strasbourg, France, in September, and admitted to an Italian hospital on Dec. 26 because his immune system was not functioning normally, his spokesman, Roberto Cuillo, said on Monday&nbsp;<a href=\"https:\/\/twitter.com\/robertocuillo\/status\/1480535776584679425\" rel=\"noreferrer noopener\" target=\"_blank\">on social media.<\/a><\/p><p>Mr. Sassoli had a decades-long career in print and broadcast journalism in his native Italy, covering era-defining events such as the fall of the Berlin Wall, before trying his hand at politics in 2009.<\/p><p>He was elected as a member of the European Parliament with the center-left Democratic Party, and re-elected twice, in 2014 and 2019, before being voted in as president of the body in the summer of 2019. In 2013, he ran an unsuccessful campaign to become mayor of\u00a0Rome.<\/p><div class=\"wp-block-buttons is-layout-flex wp-block-buttons-is-layout-flex\"><div class=\"wp-block-button\"><a class=\"wp-block-button__link\" href=\"https:\/\/www.nytimes.com\/2022\/01\/10\/world\/europe\/david-sassoli-dead.html\">Read more here<\/a><\/div><\/div><hr class=\"wp-block-separator\"\/><p>Morto David Sassoli, una vita tra giornalismo e politica <\/p><p><a href=\"https:\/\/www.ilsole24ore.com\/art\/morto-65-anni-david-sassoli-vita-giornalismo-e-politica-AEAK5K7?refresh_ce=1\">IlSole24Ore<\/a> &#8211; Era stato ricoverato in Italia per il sopraggiungere di una grave complicanza dovuta a una disfunzione del sistema immunitario.<\/p><p>Presidente del Parlamento europeo dal 2019, David Sassoli \u00e8 mancato nella notte tra luned\u00ec e marted\u00ec 11 gennaio a Aviano, in provincia di Pordenone, dove era ricoverato per una grave malattia. In questi ultimi anni, l\u2019uomo politico ha difeso strenuamente il ruolo dell\u2019assemblea parlamentare e il rispetto dei Trattati europei, gestendo un momento particolarmente difficile nella vita politica comunitaria, segnato dalla pandemia virale, dall\u2019uscita della Gran Bretagna dall\u2019Unione europea e dalla deriva della democrazia in alcuni paesi membri.<\/p><h2 class=\"wp-block-heading\" id=\"U40874406832glD\">I primi passi nel giornalismo<\/h2><p>Nato a Firenze nel 1956, David Sassoli era cresciuto a Roma, dove si era diplomato e aveva iniziato gli studi universitari. Tuttavia, il giornalismo avrebbe preso presto il sopravvento. Inizi\u00f2 quindi una lunga carriera che lo avrebbe portato al giornale Il Tempo, all\u2019agenzia di stampa Asca, al quotidiano Il Giorno e infine alla Rai, dove fu assunto nel 1992. Nei primi anni 2000 David Sassoli fu il principale presentatore del telegiornale Tg1 di met\u00e0 giornata e poi della sera .Le sue radici erano nella sinistra cattolica.<\/p><h2 class=\"wp-block-heading\" id=\"U40874406832VnE\">Sua la legge che liberalizz\u00f2 il mercato ferroviario<\/h2><p>Nel 2009 decise quindi di entrare in politica, candidato del Partito democratico alle elezioni europee di quell&#8217;anno. Con 405.967 preferenze, fu il primo eletto nella circoscrizione dell\u2019Italia centrale. Verr\u00e0 rieletto nel 2014. Fu l\u2019autore di una legge che impose una liberalizzazione del mercato ferroviario. Divent\u00f2 vicepresidente del Parlamento europeo, un ruolo che gli permetter\u00e0 di impratichirsi con i primi impegni istituzionali. L\u2019uomo politico fu eletto settimo presidente italiano del Parlamento europeo il 3 luglio 2019.<\/p><div class=\"wp-block-buttons is-layout-flex wp-block-buttons-is-layout-flex\"><div class=\"wp-block-button\"><a class=\"wp-block-button__link\" href=\"https:\/\/www.ilsole24ore.com\/art\/morto-65-anni-david-sassoli-vita-giornalismo-e-politica-AEAK5K7?refresh_ce=1\">Read more here<\/a><\/div><\/div><hr class=\"wp-block-separator\"\/>","protected":false},"excerpt":{"rendered":"<p>Global News &#8211; David Sassoli, the Italian journalist who worked his way up in politics while defending the downtrodden and repressed to become president of the European Union\u2019s parliament, died&#8230;<\/p>\n","protected":false},"author":1,"featured_media":3925,"comment_status":"closed","ping_status":"closed","sticky":false,"template":"","format":"standard","meta":{"spay_email":"","footnotes":""},"categories":[1],"tags":[704,705],"class_list":{"0":"post-3924","1":"post","2":"type-post","3":"status-publish","4":"format-standard","5":"has-post-thumbnail","7":"category-uncategorized","8":"tag-david-sassoli","9":"tag-european-parliament-president"},"aioseo_notices":[],"jetpack_featured_media_url":"https:\/\/panoramitalia.com\/wp-content\/uploads\/2022\/01\/David-Sassoli.jpg","_links":{"self":[{"href":"https:\/\/panoramitalia.com\/index.php\/wp-json\/wp\/v2\/posts\/3924","targetHints":{"allow":["GET"]}}],"collection":[{"href":"https:\/\/panoramitalia.com\/index.php\/wp-json\/wp\/v2\/posts"}],"about":[{"href":"https:\/\/panoramitalia.com\/index.php\/wp-json\/wp\/v2\/types\/post"}],"author":[{"embeddable":true,"href":"https:\/\/panoramitalia.com\/index.php\/wp-json\/wp\/v2\/users\/1"}],"replies":[{"embeddable":true,"href":"https:\/\/panoramitalia.com\/index.php\/wp-json\/wp\/v2\/comments?post=3924"}],"version-history":[{"count":6,"href":"https:\/\/panoramitalia.com\/index.php\/wp-json\/wp\/v2\/posts\/3924\/revisions"}],"predecessor-version":[{"id":3934,"href":"https:\/\/panoramitalia.com\/index.php\/wp-json\/wp\/v2\/posts\/3924\/revisions\/3934"}],"wp:featuredmedia":[{"embeddable":true,"href":"https:\/\/panoramitalia.com\/index.php\/wp-json\/wp\/v2\/media\/3925"}],"wp:attachment":[{"href":"https:\/\/panoramitalia.com\/index.php\/wp-json\/wp\/v2\/media?parent=3924"}],"wp:term":[{"taxonomy":"category","embeddable":true,"href":"https:\/\/panoramitalia.com\/index.php\/wp-json\/wp\/v2\/categories?post=3924"},{"taxonomy":"post_tag","embeddable":true,"href":"https:\/\/panoramitalia.com\/index.php\/wp-json\/wp\/v2\/tags?post=3924"}],"curies":[{"name":"wp","href":"https:\/\/api.w.org\/{rel}","templated":true}]}}