{"id":4267,"date":"2022-02-23T10:40:46","date_gmt":"2022-02-23T15:40:46","guid":{"rendered":"https:\/\/panoramitalia.com\/?p=4267"},"modified":"2022-02-23T10:44:18","modified_gmt":"2022-02-23T15:44:18","slug":"latalanta-diventa-americana-chi-e-laffarista-stephen-pagliuca-numero-uno-di-bain-capital-e-dei-boston-celtics-massimiliano-carra","status":"publish","type":"post","link":"https:\/\/panoramitalia.com\/index.php\/2022\/02\/23\/latalanta-diventa-americana-chi-e-laffarista-stephen-pagliuca-numero-uno-di-bain-capital-e-dei-boston-celtics-massimiliano-carra\/","title":{"rendered":"L\u2019Atalanta diventa americana: chi \u00e8 l\u2019affarista Stephen Pagliuca, numero uno di Bain Capital e dei Boston Celtics  Massimiliano Carr\u00e0"},"content":{"rendered":"<p>Forbes &#8211; Diretta, veloce, e senza un velo di telenovela. Cos\u00ec, sabato scorso, la famiglia Percassi ha\u00a0<a href=\"https:\/\/www.atalanta.it\/en\/news\/atalanta-bc-press-release-19-february-2022\/\" target=\"_blank\" rel=\"noreferrer noopener\">annunciato<\/a>\u00a0la\u00a0<strong>cessione del 55% dell\u2019Atalanta a un gruppo di investitori guidato da Stephen Pagliuca<\/strong>, managing partner e co-proprietario dei\u00a0<strong>Boston Celtics e co-chairman<\/strong>\u00a0di uno dei pi\u00f9 importanti fondi di private equity al mondo:\u00a0<strong>Bain Capital.<\/strong>\u00a0Nonch\u00e9 uno dei pi\u00f9 importanti 50 uomini d\u2019affari\u00a0<a href=\"https:\/\/www.forbes.com\/special-report\/2012\/1003_private-equity.html\" target=\"_blank\" rel=\"noreferrer noopener\">identificati da\u00a0<em>Forbes.<\/em><\/a><\/p><figure class=\"wp-block-image size-large\"><img loading=\"lazy\" decoding=\"async\" width=\"1024\" height=\"683\" src=\"https:\/\/panoramitalia.com\/wp-content\/uploads\/2022\/02\/GettyImages-1136702121-2.jpg\" alt=\"\" class=\"wp-image-4268\" srcset=\"https:\/\/panoramitalia.com\/wp-content\/uploads\/2022\/02\/GettyImages-1136702121-2.jpg 1024w, https:\/\/panoramitalia.com\/wp-content\/uploads\/2022\/02\/GettyImages-1136702121-2-300x200.jpg 300w, https:\/\/panoramitalia.com\/wp-content\/uploads\/2022\/02\/GettyImages-1136702121-2-768x512.jpg 768w, https:\/\/panoramitalia.com\/wp-content\/uploads\/2022\/02\/GettyImages-1136702121-2-900x600.jpg 900w, https:\/\/panoramitalia.com\/wp-content\/uploads\/2022\/02\/GettyImages-1136702121-2-600x400.jpg 600w, https:\/\/panoramitalia.com\/wp-content\/uploads\/2022\/02\/GettyImages-1136702121-2-90x60.jpg 90w, https:\/\/panoramitalia.com\/wp-content\/uploads\/2022\/02\/GettyImages-1136702121-2-135x90.jpg 135w\" sizes=\"auto, (max-width: 1024px) 100vw, 1024px\" \/><\/figure><p>Futuro co-presidente del club, al fianco proprio di Antonio Percassi \u2013 che manterr\u00e0 una quota del 45%, rimanendo l\u2019unico maggiore azionista \u2013 Stephen Pagliuca si \u00e8 presentato al popolo nerazzurro ponendo l\u2019accento su tre parole ben precise: brand, ricavi e competitivit\u00e0. Rafforzando, quindi, quanto fatto in questi anni. \u201cRiteniamo che la famiglia Percassi abbia costruito basi molto solide su cui lavorare insieme per rafforzare il marchio a livello globale. L\u2019obiettivo \u00e8 favorire un\u2019ulteriore diversificazione e crescita dei ricavi, consentendo al club di diventare sempre pi\u00f9 competitivo sul panorama italiano e internazionale\u201d, ha dichiarato Pagliuca.<\/p><p>La mossa di Bain Capital conferma il trend recente che vuole i\u00a0<a href=\"https:\/\/forbes.it\/2021\/02\/03\/lassalto-dei-fondi-potrebbe-cambiare-per-sempre-il-calcio-italiano\/\" target=\"_blank\" rel=\"noreferrer noopener\">fondi di investimento entrare nel mondo del calcio<\/a>. Il risultato? Una Serie A sempre pi\u00f9 a stelle strisce.<\/p><h2 class=\"wp-block-heading\">Atalanta, chi \u00e8 Stephen Pagliuca<\/h2><p>Con origini italiane, Stephen (o Steve) Pagliuca, \u00e8 nato il 16 gennaio del 1955 a New York, nello storico quartiere di Brooklyn.&nbsp;Cresciuto a&nbsp;Basking Ridge&nbsp;di&nbsp;Bernards Township nel New Jersey, si \u00e8 diplomato alla&nbsp;Ridge High School&nbsp;nel 1973.&nbsp;Ha frequentato la&nbsp;<a href=\"https:\/\/en.wikipedia.org\/wiki\/Duke_University\">Duke University,&nbsp;<\/a>dove ha giocato a basket da matricola, prima di laurearsi nel 1977.<\/p><p>Ha iniziato la sua carriera come contabile senior e specialista fiscale internazionale presso la Peat Marwick Mitchell &amp; Company (oggi KPMG)&nbsp;nei&nbsp;Paesi Bassi. Dopo aver conseguito, nel 1982, un MBA presso la Harvard Business School, \u00e8 entrato a far parte di Bain &amp; Company, dove gestisce le relazioni con i clienti nei settori dei servizi informatici e della sanit\u00e0. Venendo anche coinvolto nel turnaround finanziario della societ\u00e0. E da l\u00ec inizia la sua scalata nel mondo del private equity.<\/p><p>Nel 1989 ha fondato l\u2019Information Partners Venture Capital Fund ed entra a far parte di Bain Capital. Qui ha l\u2019opportunit\u00e0 di investire in diverse societ\u00e0 attive nei settori dei media, della tecnologia, dei servizi finanziari e della sanit\u00e0. Dal 2016 \u00e8 co-presidente della societ\u00e0 e oggi ha circa circa 155 miliardi di dollari di asset in gestione.<\/p><p>Pagliuca, inoltre, \u00e8 stato anche membro del consiglio di amministrazione di diverse realt\u00e0 internazionali: Burger King, Warner Chilcott, Gartner Group e Hospital Corporation of America.<\/p><h3 class=\"wp-block-heading\">Il rapporto con la Duke University e con Harward<\/h3><p>Oltre ad essere diventato parte, dal 2001 al 2008, del Trinity Board of Investors \u2013 presiedendone il consiglio dal 2005 al 2007 \u2013 Pagliuca \u00e8 stato eletto nel consiglio di fondazione nel 2013. E, attualmente, \u00e8 membro del Comitato di verifica e conformit\u00e0, del Comitato per la formazione e la ricerca di laureati e professionisti e della Task Force strategica per la celebrazione del centenario della Duke.<\/p><p>Gi\u00e0 membro del Board of Overseers\u2019 Committee on University Resources (COUR) dell\u2019Universit\u00e0 di Harvard e dell\u2019HBS Healthcare Initiative Advisory Board, il nuovo co-presidente dell\u2019Atalanta fa anche parte del President\u2019s Council del Massachusetts General Hospital (MGH) ed \u00e8 membro dell\u2019Eisenhower Fellowships, del Comitato esecutivo del Massachusetts High Tech Council (MHTC).<\/p><h3 class=\"wp-block-heading\">La politica<\/h3><p>Stephen Pagliuca \u00e8 molto interessato alla vita politica statunitense. Nel 2009 \u00e8 stato candidato democratico per il Senato degli Stati Uniti precedentemente occupata da Ted Kennedy. Oggi \u00e8 membro del Comitato finanze del membro del Congresso Joe Kennedy, della Campagna per la correzione del debito e del Comitato consultivo nazionale democratico.<\/p><h3 class=\"wp-block-heading\">Stephen Pagliuca e i Boston Celtics&nbsp;<\/h3><p>Pagliuca \u00e8 attivo da tempo nel mondo dello sport. L\u2019italo-americano, infatti, \u00e8 managing general partner e co-proprietario dei&nbsp;<strong>Boston Celtics<\/strong>, una delle pi\u00f9 famose squadre dell\u2019Nba, quinto team di maggior valore&nbsp;circa (3,55 miliardi di dollari) dell\u2019intera lega<a href=\"https:\/\/www.forbes.com\/teams\/boston-celtics\/?sh=741162ef767b\" target=\"_blank\" rel=\"noreferrer noopener\">&nbsp;secondo<em>&nbsp;Forbes<\/em><\/a>. Inoltre, ricopre la carica di membro del Consiglio di amministrazione e del Comitato di concorrenza proprio dell\u2019Nba.<\/p><h3 class=\"wp-block-heading\">Filantropia&nbsp;<\/h3><p><strong>Stephen Pagliuca \u00e8 anche un filantropo<\/strong>. Nel 2005 ha ricevuto da Bill Clinton il Bright Star Award, come riconoscimento per le sue attivit\u00e0 di beneficenza; nel 2010, l\u2019Habitat Humanity gli ha conferito l\u2019American Dream Award per i contributi eccezionali alla Greater Boston Community; nel 2017 il Voice of the Child Award dalla Massachusetts Society for Prevention of Cruelty to Children (MSPCC); nel 2018 il premio Business and Community Leader of the Year 2018 della Harvard Business School Association di Boston in riconoscimento dei suoi contributi alla leadership, alla dedizione e all\u2019impegno nei confronti di numerose organizzazioni no profit a Boston e non solo. E nel 2019 ha ricevuto il Ron Burton Humanitarian Award.<\/p><p>E oltre ad aver donato, insieme alla moglie Judy, nel 2016 un laboratorio di ricerca all\u2019Universit\u00e0 di Harvard, il\u00a0<a href=\"https:\/\/www.hbs.edu\/about\/campus-and-culture\/campus-built-on-philanthropy\/Pages\/pagliuca-harvard-life-lab.aspx\">\u201cPagliuca Life Lab\u201d,<\/a>\u00a0va anche ricordato che Pagliuca \u00e8 presidente della Boston Celtics Shamrock Foundation, che aiuta i bambini ad avere accesso a un alloggio, assistenza sanitaria e altri servizi in collaborazione con enti di beneficenza locali, della Massachusetts Society for the Prevention of Cruelty to Children (MSPCC). E, infine, \u00e8 anche membro del consiglio di Bain Capital Children\u2019s Charity.<\/p><div class=\"wp-block-buttons is-layout-flex wp-block-buttons-is-layout-flex\"><div class=\"wp-block-button\"><a class=\"wp-block-button__link\" href=\"https:\/\/forbes.it\/2022\/02\/21\/atalanta-italo-americana-stephen-pagliuca-bain-capital-boston-celtics\/\">Read more here<\/a><\/div><\/div><hr class=\"wp-block-separator\"\/><p><strong><a href=\"https:\/\/www.forbes.com\/sites\/emmetgates\/2022\/02\/21\/atalanta-no-longer-queen-of-the-provinces-as-investment-arrives\/?sh=65ff2e9e3022\">Atalanta No Longer Queen Of The Provinces As Investment Arrives<\/a><\/strong><\/p><figure class=\"wp-block-image size-large\"><a href=\"https:\/\/www.forbes.com\/sites\/emmetgates\/2022\/02\/21\/atalanta-no-longer-queen-of-the-provinces-as-investment-arrives\/?sh=65ff2e9e3022\"><img loading=\"lazy\" decoding=\"async\" width=\"960\" height=\"640\" src=\"https:\/\/panoramitalia.com\/wp-content\/uploads\/2022\/02\/960x0-2.jpg\" alt=\"\" class=\"wp-image-4271\" srcset=\"https:\/\/panoramitalia.com\/wp-content\/uploads\/2022\/02\/960x0-2.jpg 960w, https:\/\/panoramitalia.com\/wp-content\/uploads\/2022\/02\/960x0-2-300x200.jpg 300w, https:\/\/panoramitalia.com\/wp-content\/uploads\/2022\/02\/960x0-2-768x512.jpg 768w, https:\/\/panoramitalia.com\/wp-content\/uploads\/2022\/02\/960x0-2-900x600.jpg 900w, https:\/\/panoramitalia.com\/wp-content\/uploads\/2022\/02\/960x0-2-600x400.jpg 600w, https:\/\/panoramitalia.com\/wp-content\/uploads\/2022\/02\/960x0-2-90x60.jpg 90w, https:\/\/panoramitalia.com\/wp-content\/uploads\/2022\/02\/960x0-2-135x90.jpg 135w\" sizes=\"auto, (max-width: 960px) 100vw, 960px\" \/><\/a><figcaption>BERGAMO, ITALY, FEBRUARY 17: Atalanta players celebrate at the end of the UEFA Europa League\u00a0&#8230; [+]<br>ANADOLU AGENCY VIA GETTY IMAGES<\/figcaption><\/figure><p>Forbes &#8211; The news came out of the blue and was more than unexpected, to say the least. Rumours gathered steam last week that Atalanta were to be the latest Italian side to succumb to American investment. Multiple reports suggested that an investment fund called KKR was closing in on the purchase of\u00a0<em>La Dea<\/em>\u00a0for around \u20ac350m ($397m) for an 85% share of the club. However, KKR representatives swiftly denied any involvement in talks to buy the club, saying the firm had \u2018never considered\u2019 an approach to buying Atalanta. Yet over the weekend the news then did arrive that reports were partially right. Atalanta would be getting new American owners, not KKR, but rather Bain Capital\u2019s co-chairman Stephen Pagliuca. Pagliuca (no relation to Italian goalkeeping legend Gianluca), co-owner of the Boston Celtics and co-chairman of Boston-based Bain Capital, is heading a group of investors that have bought a 55% stake in Atalanta.<\/p><div class=\"wp-block-buttons is-layout-flex wp-block-buttons-is-layout-flex\"><div class=\"wp-block-button\"><a class=\"wp-block-button__link\" href=\"https:\/\/www.forbes.com\/sites\/emmetgates\/2022\/02\/21\/atalanta-no-longer-queen-of-the-provinces-as-investment-arrives\/?sh=65ff2e9e3022\">Read more here<\/a><\/div><\/div>","protected":false},"excerpt":{"rendered":"<p>Forbes &#8211; Diretta, veloce, e senza un velo di telenovela. Cos\u00ec, sabato scorso, la famiglia Percassi ha\u00a0annunciato\u00a0la\u00a0cessione del 55% dell\u2019Atalanta a un gruppo di investitori guidato da Stephen Pagliuca, managing&#8230;<\/p>\n","protected":false},"author":1,"featured_media":4268,"comment_status":"closed","ping_status":"closed","sticky":false,"template":"","format":"standard","meta":{"spay_email":"","footnotes":""},"categories":[1],"tags":[749,751,752,750],"class_list":{"0":"post-4267","1":"post","2":"type-post","3":"status-publish","4":"format-standard","5":"has-post-thumbnail","7":"category-uncategorized","8":"tag-atalanta","9":"tag-boston-celtics","10":"tag-massimiliano-carra","11":"tag-stephen-pagliuca"},"aioseo_notices":[],"jetpack_featured_media_url":"https:\/\/panoramitalia.com\/wp-content\/uploads\/2022\/02\/GettyImages-1136702121-2.jpg","_links":{"self":[{"href":"https:\/\/panoramitalia.com\/index.php\/wp-json\/wp\/v2\/posts\/4267","targetHints":{"allow":["GET"]}}],"collection":[{"href":"https:\/\/panoramitalia.com\/index.php\/wp-json\/wp\/v2\/posts"}],"about":[{"href":"https:\/\/panoramitalia.com\/index.php\/wp-json\/wp\/v2\/types\/post"}],"author":[{"embeddable":true,"href":"https:\/\/panoramitalia.com\/index.php\/wp-json\/wp\/v2\/users\/1"}],"replies":[{"embeddable":true,"href":"https:\/\/panoramitalia.com\/index.php\/wp-json\/wp\/v2\/comments?post=4267"}],"version-history":[{"count":3,"href":"https:\/\/panoramitalia.com\/index.php\/wp-json\/wp\/v2\/posts\/4267\/revisions"}],"predecessor-version":[{"id":4273,"href":"https:\/\/panoramitalia.com\/index.php\/wp-json\/wp\/v2\/posts\/4267\/revisions\/4273"}],"wp:featuredmedia":[{"embeddable":true,"href":"https:\/\/panoramitalia.com\/index.php\/wp-json\/wp\/v2\/media\/4268"}],"wp:attachment":[{"href":"https:\/\/panoramitalia.com\/index.php\/wp-json\/wp\/v2\/media?parent=4267"}],"wp:term":[{"taxonomy":"category","embeddable":true,"href":"https:\/\/panoramitalia.com\/index.php\/wp-json\/wp\/v2\/categories?post=4267"},{"taxonomy":"post_tag","embeddable":true,"href":"https:\/\/panoramitalia.com\/index.php\/wp-json\/wp\/v2\/tags?post=4267"}],"curies":[{"name":"wp","href":"https:\/\/api.w.org\/{rel}","templated":true}]}}