{"id":4976,"date":"2022-09-21T10:35:30","date_gmt":"2022-09-21T14:35:30","guid":{"rendered":"https:\/\/panoramitalia.com\/?p=4976"},"modified":"2022-09-21T10:35:34","modified_gmt":"2022-09-21T14:35:34","slug":"rencontre-italie-quebec-radio-lausberg-en-tournee","status":"publish","type":"post","link":"https:\/\/panoramitalia.com\/index.php\/2022\/09\/21\/rencontre-italie-quebec-radio-lausberg-en-tournee\/","title":{"rendered":"Rencontre Italie-Qu\u00e9bec : Radio Lausberg en tourn\u00e9e"},"content":{"rendered":"<p>Rencontre Italie-Qu\u00e9bec : Radio Lausberg en tourn\u00e9e Montr\u00e9al, 19 septembre 2022 \u2014 Les Productions Casa Nostra proposent, dans le cadre de la s\u00e9rie d\u2019\u00e9v\u00e9nements : Marco Calliari pr\u00e9sente directement d\u2019Italie, la tourn\u00e9e qu\u00e9b\u00e9coise du groupe Radio Lausberg et son spectacle Lucani in Qu\u00e9bec, La Basilicata de Radio Lausberg du 21 septembre au 8 octobre 2022. <\/p><p>D\u2019origine italienne et \u00e9voluant toujours dans ce pays riche de culture, Radio Lausberg est un groupe folk qui s\u2019inspire des grands chanteurs traditionnels du sud de l\u2019Italie et de la r\u00e9gion \u00e9ponyme. D\u00e9termin\u00e9 \u00e0 faire conna\u00eetre la musique traditionnelle italienne en terres qu\u00e9b\u00e9coises et r\u00e9ciproquement, les oeuvres d\u2019ici en sol du Mezzogiorno, Marco Calliari, artiste qu\u00e9b\u00e9cois originaire de \u201cla botte\u201d, bien connu ici, a cr\u00e9\u00e9 ce pont culturel entre nos r\u00e9gions en 2004. Apr\u00e8s deux ann\u00e9es d\u2019apn\u00e9e, l\u2019\u00e9change Italie-Qu\u00e9bec reprend enfin du service. <\/p><p>Fort du succ\u00e8s v\u00e9cu avec ces ambassadeurs de la musique trad italienne en 2019, Marco fait le pari de reconqu\u00e9rir les conques du public local en nos territoires automnaux avec les m\u00e9lodies accrocheuses du groupe Radio Lausberg venu des montagnes. Le spectacle Lucani in Qu\u00e9bec r\u00e9v\u00e8le ce visage authentique de la Basilicate en plus d\u2019\u00eatre un v\u00e9ritable hommage au Qu\u00e9bec et au chanteur \u00e9m\u00e9rite de la Bandabard\u00f2, Enrico \u201cGreppi, d\u00e9c\u00e9d\u00e9 du cancer en f\u00e9vrier 2021.<\/p><figure id=\"m_6776692969679326634bodyTable\" class=\"wp-block-table\"><table><tbody><tr><td>Les tourn\u00e9es de spectacles Marco Calliari pr\u00e9sente directement d\u2019Italie est produit par&nbsp;<a href=\"https:\/\/prodcasanostra.us17.list-manage.com\/track\/click?u=c75a300044ab42719a5d5a2dc&amp;id=8718a2fa39&amp;e=9762648464\" target=\"_blank\" rel=\"noreferrer noopener\">Productions Casa Nostra<\/a>, en collaboration avec&nbsp;<a href=\"https:\/\/prodcasanostra.us17.list-manage.com\/track\/click?u=c75a300044ab42719a5d5a2dc&amp;id=e3a79a2e89&amp;e=9762648464\" target=\"_blank\" rel=\"noreferrer noopener\">Salty Music<\/a>&nbsp;et&nbsp;<a href=\"https:\/\/prodcasanostra.us17.list-manage.com\/track\/click?u=c75a300044ab42719a5d5a2dc&amp;id=e789877d88&amp;e=9762648464\" target=\"_blank\" rel=\"noreferrer noopener\">l\u2019institut italienne culturel de Montr\u00e9al<\/a><\/td><\/tr><\/tbody><\/table><figcaption>Dates de tourn\u00e9e\u00a0 de Radio Lausberg au Qu\u00e9bec\u00a0<br>\u00a021\/09\/2022 \u2014 Montr\u00e9al &#8211; Maison de la culture Claude-L\u00e9veill\u00e9e\u00a0<br>22\/09\/2022 \u2014 Montr\u00e9al &#8211; Istituto Italiano di Cultura<br>23\/09\/2022 \u2014 Sainte-Clotilde-de-Horton &#8211; Coop du c\u0153ur de Sainte-Clotilde<br>24\/09\/2022 \u2014 Montr\u00e9al &#8211; Maison de la culture Mercier<br>25\/09\/2022 \u2014 Qu\u00e9bec &#8211; Grand th\u00e9\u00e2tre de Qu\u00e9bec<br>26\/09\/2022 \u2014 St-Romuald &#8211; \u00c9cole Secondaire de L\u2019Aubier<br>28\/09\/2022 \u2014 Mascouche &#8211; R\u00e9sidence Domaine Lanaudi\u00e8re<br>02\/10\/2022 \u2014 Saint-Sauveur &#8211; Le Buck de St-Sau<br>06\/10\/2022 \u2014 Montr\u00e9al &#8211; Taverne Lady Davidson<br>08\/10\/2022 \u2014 Montr\u00e9al &#8211; Maison de la culture Saint-L\u00e9onard<br><br><strong><a href=\"https:\/\/prodcasanostra.us17.list-manage.com\/track\/click?u=c75a300044ab42719a5d5a2dc&amp;id=7e4c99f670&amp;e=9762648464\" target=\"_blank\" rel=\"noreferrer noopener\">https:\/\/www.marcocalliari.com\/spectacles\/<\/a><\/strong><br><\/figcaption><\/figure>","protected":false},"excerpt":{"rendered":"<p>Rencontre Italie-Qu\u00e9bec : Radio Lausberg en tourn\u00e9e Montr\u00e9al, 19 septembre 2022 \u2014 Les Productions Casa Nostra proposent, dans le cadre de la s\u00e9rie d\u2019\u00e9v\u00e9nements : Marco Calliari pr\u00e9sente directement d\u2019Italie,&#8230;<\/p>\n","protected":false},"author":1,"featured_media":4977,"comment_status":"closed","ping_status":"closed","sticky":false,"template":"","format":"standard","meta":{"spay_email":"","footnotes":""},"categories":[1],"tags":[909,674],"class_list":{"0":"post-4976","1":"post","2":"type-post","3":"status-publish","4":"format-standard","5":"has-post-thumbnail","7":"category-uncategorized","8":"tag-casa-nostra","9":"tag-radio-lausberg"},"aioseo_notices":[],"jetpack_featured_media_url":"https:\/\/panoramitalia.com\/wp-content\/uploads\/2022\/09\/unnamed-16.png","_links":{"self":[{"href":"https:\/\/panoramitalia.com\/index.php\/wp-json\/wp\/v2\/posts\/4976","targetHints":{"allow":["GET"]}}],"collection":[{"href":"https:\/\/panoramitalia.com\/index.php\/wp-json\/wp\/v2\/posts"}],"about":[{"href":"https:\/\/panoramitalia.com\/index.php\/wp-json\/wp\/v2\/types\/post"}],"author":[{"embeddable":true,"href":"https:\/\/panoramitalia.com\/index.php\/wp-json\/wp\/v2\/users\/1"}],"replies":[{"embeddable":true,"href":"https:\/\/panoramitalia.com\/index.php\/wp-json\/wp\/v2\/comments?post=4976"}],"version-history":[{"count":1,"href":"https:\/\/panoramitalia.com\/index.php\/wp-json\/wp\/v2\/posts\/4976\/revisions"}],"predecessor-version":[{"id":4978,"href":"https:\/\/panoramitalia.com\/index.php\/wp-json\/wp\/v2\/posts\/4976\/revisions\/4978"}],"wp:featuredmedia":[{"embeddable":true,"href":"https:\/\/panoramitalia.com\/index.php\/wp-json\/wp\/v2\/media\/4977"}],"wp:attachment":[{"href":"https:\/\/panoramitalia.com\/index.php\/wp-json\/wp\/v2\/media?parent=4976"}],"wp:term":[{"taxonomy":"category","embeddable":true,"href":"https:\/\/panoramitalia.com\/index.php\/wp-json\/wp\/v2\/categories?post=4976"},{"taxonomy":"post_tag","embeddable":true,"href":"https:\/\/panoramitalia.com\/index.php\/wp-json\/wp\/v2\/tags?post=4976"}],"curies":[{"name":"wp","href":"https:\/\/api.w.org\/{rel}","templated":true}]}}